{"id":5035,"date":"2026-04-17T12:11:55","date_gmt":"2026-04-17T10:11:55","guid":{"rendered":"https:\/\/spchoron.ugporaj.pl\/?p=5035"},"modified":"2026-04-17T12:13:27","modified_gmt":"2026-04-17T10:13:27","slug":"z-zycia-biedronek-%f0%9f%90%9e","status":"publish","type":"post","link":"https:\/\/spchoron.ugporaj.pl\/?p=5035","title":{"rendered":"Z \u017cycia Biedronek \ud83d\udc1e"},"content":{"rendered":"\t\t<div data-elementor-type=\"wp-post\" data-elementor-id=\"5035\" class=\"elementor elementor-5035\">\n\t\t\t\t\t\t<section class=\"elementor-section elementor-top-section elementor-element elementor-element-7857cd91 elementor-section-boxed elementor-section-height-default elementor-section-height-default\" data-id=\"7857cd91\" data-element_type=\"section\" data-e-type=\"section\">\n\t\t\t\t\t\t<div class=\"elementor-container elementor-column-gap-default\">\n\t\t\t\t\t<div class=\"elementor-column elementor-col-100 elementor-top-column elementor-element elementor-element-134a6f10\" data-id=\"134a6f10\" data-element_type=\"column\" data-e-type=\"column\">\n\t\t\t<div class=\"elementor-widget-wrap elementor-element-populated\">\n\t\t\t\t\t\t<div class=\"elementor-element elementor-element-5855a720 elementor-widget elementor-widget-text-editor\" data-id=\"5855a720\" data-element_type=\"widget\" data-e-type=\"widget\" data-widget_type=\"text-editor.default\">\n\t\t\t\t<div class=\"elementor-widget-container\">\n\t\t\t\t\t\t\t\t\tZ okazji Dnia Marchewki w naszej grupie przypomnieli\u015bmy sobie informacj\u0119 dotycz\u0105ce produkt\u00f3w ekologicznych w ramach programu Klub zdrowego przedszkolaka, do kt\u00f3rego materia\u0142y przekaza\u0142a nam <span class=\"html-span xdj266r x14z9mp xat24cr x1lziwak xexx8yu xyri2b x18d9i69 x1c1uobl x1hl2dhg x16tdsg8 x1vvkbs\"><a class=\"x1i10hfl xjbqb8w x1ejq31n x18oe1m7 x1sy0etr xstzfhl x972fbf x10w94by x1qhh985 x14e42zd x9f619 x1ypdohk xt0psk2 x3ct3a4 xdj266r x14z9mp xat24cr x1lziwak xexx8yu xyri2b x18d9i69 x1c1uobl x16tdsg8 x1hl2dhg xggy1nq x1a2a7pz xkrqix3 x1sur9pj x1fey0fg x1s688f\" tabindex=\"0\" role=\"link\" href=\"https:\/\/www.facebook.com\/profile.php?id=100064784200431&amp;__cft__[0]=AZZuMU_patA-3Zqxq_8EmRvo3FQ4hk7y36qJEeF5DzMwJxsdLAPZetE158aYqp9GZCqcc6Ps_fAC5S3aqo0D8SPNL0YiUZytoeTB24DL-ERgL0ThMagum23M350VO_xYLJ6Rm_s3qUND0PX0xIIoLjOSaXvUyU6lRxUGLXCDXCN6pOqpe6EkdJuNffFHukk1_JedSNSeEGAn5JZTkJvbsqxW&amp;__tn__=-]K-R\"><span class=\"xt0psk2\"><span class=\"xjp7ctv\">Powiatowa Stacja Sanitarno-Epidemiologiczna w Myszkowie<\/span><\/span><\/a><\/span>. Nie zabrak\u0142o zabaw ruchowych oraz pracy plastycznej.<\/div><\/div><\/div><\/div><\/div><\/section><\/div> <a href=\"https:\/\/spchoron.ugporaj.pl\/?p=5035#more-5035\" class=\"more-link elementor-more-link\"><span aria-label=\"Czytaj dalej Z \u017cycia Biedronek \ud83d\udc1e\">(wi\u0119cej&hellip;)<\/span><\/a>","protected":false},"excerpt":{"rendered":"<p>Z okazji Dnia Marchewki w naszej grupie przypomnieli\u015bmy sobie informacj\u0119 dotycz\u0105ce produkt\u00f3w ekologicznych w ramach programu Klub zdrowego przedszkolaka, do kt\u00f3rego materia\u0142y przekaza\u0142a nam Powiatowa Stacja Sanitarno-Epidemiologiczna w Myszkowie. Nie zabrak\u0142o zabaw ruchowych oraz pracy plastycznej.<\/p>\n","protected":false},"author":3,"featured_media":5043,"comment_status":"closed","ping_status":"open","sticky":false,"template":"","format":"standard","meta":{"footnotes":""},"categories":[20],"tags":[],"class_list":["post-5035","post","type-post","status-publish","format-standard","has-post-thumbnail","hentry","category-aktualnosci"],"_links":{"self":[{"href":"https:\/\/spchoron.ugporaj.pl\/index.php?rest_route=\/wp\/v2\/posts\/5035","targetHints":{"allow":["GET"]}}],"collection":[{"href":"https:\/\/spchoron.ugporaj.pl\/index.php?rest_route=\/wp\/v2\/posts"}],"about":[{"href":"https:\/\/spchoron.ugporaj.pl\/index.php?rest_route=\/wp\/v2\/types\/post"}],"author":[{"embeddable":true,"href":"https:\/\/spchoron.ugporaj.pl\/index.php?rest_route=\/wp\/v2\/users\/3"}],"replies":[{"embeddable":true,"href":"https:\/\/spchoron.ugporaj.pl\/index.php?rest_route=%2Fwp%2Fv2%2Fcomments&post=5035"}],"version-history":[{"count":4,"href":"https:\/\/spchoron.ugporaj.pl\/index.php?rest_route=\/wp\/v2\/posts\/5035\/revisions"}],"predecessor-version":[{"id":5058,"href":"https:\/\/spchoron.ugporaj.pl\/index.php?rest_route=\/wp\/v2\/posts\/5035\/revisions\/5058"}],"wp:featuredmedia":[{"embeddable":true,"href":"https:\/\/spchoron.ugporaj.pl\/index.php?rest_route=\/wp\/v2\/media\/5043"}],"wp:attachment":[{"href":"https:\/\/spchoron.ugporaj.pl\/index.php?rest_route=%2Fwp%2Fv2%2Fmedia&parent=5035"}],"wp:term":[{"taxonomy":"category","embeddable":true,"href":"https:\/\/spchoron.ugporaj.pl\/index.php?rest_route=%2Fwp%2Fv2%2Fcategories&post=5035"},{"taxonomy":"post_tag","embeddable":true,"href":"https:\/\/spchoron.ugporaj.pl\/index.php?rest_route=%2Fwp%2Fv2%2Ftags&post=5035"}],"curies":[{"name":"wp","href":"https:\/\/api.w.org\/{rel}","templated":true}]}}