{"id":4951,"date":"2026-04-17T10:29:05","date_gmt":"2026-04-17T08:29:05","guid":{"rendered":"https:\/\/spchoron.ugporaj.pl\/?p=4951"},"modified":"2026-04-17T10:30:10","modified_gmt":"2026-04-17T08:30:10","slug":"swiatowy-dzien-zdrowia","status":"publish","type":"post","link":"https:\/\/spchoron.ugporaj.pl\/?p=4951","title":{"rendered":"\u015awiatowy Dzie\u0144 Zdrowia"},"content":{"rendered":"\t\t<div data-elementor-type=\"wp-post\" data-elementor-id=\"4951\" class=\"elementor elementor-4951\">\n\t\t\t\t\t\t<section class=\"elementor-section elementor-top-section elementor-element elementor-element-6f24c28b elementor-section-boxed elementor-section-height-default elementor-section-height-default\" data-id=\"6f24c28b\" data-element_type=\"section\" data-e-type=\"section\">\n\t\t\t\t\t\t<div class=\"elementor-container elementor-column-gap-default\">\n\t\t\t\t\t<div class=\"elementor-column elementor-col-100 elementor-top-column elementor-element elementor-element-1cafd3b6\" data-id=\"1cafd3b6\" data-element_type=\"column\" data-e-type=\"column\">\n\t\t\t<div class=\"elementor-widget-wrap elementor-element-populated\">\n\t\t\t\t\t\t<div class=\"elementor-element elementor-element-5d0901fa elementor-widget elementor-widget-text-editor\" data-id=\"5d0901fa\" data-element_type=\"widget\" data-e-type=\"widget\" data-widget_type=\"text-editor.default\">\n\t\t\t\t<div class=\"elementor-widget-container\">\n\t\t\t\t\t\t\t\t\tKa\u017cdego roku &#8211; 7 kwietnia obchodzony jest \u015awiatowy Dzie\u0144 Zdrowia. Ustanowiony on zosta\u0142 przez \u015awiatow\u0105 Organizacj\u0119 Zdrowia (WHO) aby upami\u0119tni\u0107 powstanie tej organizacji w 1948 roku oraz po to, \u017ceby promowa\u0107 zdrowie i zwraca\u0107 uwag\u0119 na najwa\u017cniejsze wyzwania zdrowotne na \u015bwiecie. W tym roku g\u0142\u00f3wne has\u0142o obchod\u00f3w tego wa\u017cnego dnia brzmia\u0142o: &#8222;Razem dla zdrowia. Wspierajmy nauk\u0119&#8221;. <\/div><\/div><\/div><\/div><\/div><\/section><\/div> <a href=\"https:\/\/spchoron.ugporaj.pl\/?p=4951#more-4951\" class=\"more-link elementor-more-link\"><span aria-label=\"Czytaj dalej \u015awiatowy Dzie\u0144 Zdrowia\">(wi\u0119cej&hellip;)<\/span><\/a>","protected":false},"excerpt":{"rendered":"<p>Ka\u017cdego roku &#8211; 7 kwietnia obchodzony jest \u015awiatowy Dzie\u0144 Zdrowia. Ustanowiony on zosta\u0142 przez \u015awiatow\u0105 Organizacj\u0119 Zdrowia (WHO) aby upami\u0119tni\u0107 powstanie tej organizacji w 1948 roku oraz po to, \u017ceby promowa\u0107 zdrowie i zwraca\u0107 uwag\u0119 na najwa\u017cniejsze wyzwania zdrowotne na \u015bwiecie. W tym roku g\u0142\u00f3wne has\u0142o obchod\u00f3w tego wa\u017cnego dnia brzmia\u0142o: &#8222;Razem dla zdrowia. Wspierajmy [&hellip;]<\/p>\n","protected":false},"author":3,"featured_media":4952,"comment_status":"closed","ping_status":"open","sticky":false,"template":"","format":"standard","meta":{"footnotes":""},"categories":[20],"tags":[],"class_list":["post-4951","post","type-post","status-publish","format-standard","has-post-thumbnail","hentry","category-aktualnosci"],"_links":{"self":[{"href":"https:\/\/spchoron.ugporaj.pl\/index.php?rest_route=\/wp\/v2\/posts\/4951","targetHints":{"allow":["GET"]}}],"collection":[{"href":"https:\/\/spchoron.ugporaj.pl\/index.php?rest_route=\/wp\/v2\/posts"}],"about":[{"href":"https:\/\/spchoron.ugporaj.pl\/index.php?rest_route=\/wp\/v2\/types\/post"}],"author":[{"embeddable":true,"href":"https:\/\/spchoron.ugporaj.pl\/index.php?rest_route=\/wp\/v2\/users\/3"}],"replies":[{"embeddable":true,"href":"https:\/\/spchoron.ugporaj.pl\/index.php?rest_route=%2Fwp%2Fv2%2Fcomments&post=4951"}],"version-history":[{"count":4,"href":"https:\/\/spchoron.ugporaj.pl\/index.php?rest_route=\/wp\/v2\/posts\/4951\/revisions"}],"predecessor-version":[{"id":4961,"href":"https:\/\/spchoron.ugporaj.pl\/index.php?rest_route=\/wp\/v2\/posts\/4951\/revisions\/4961"}],"wp:featuredmedia":[{"embeddable":true,"href":"https:\/\/spchoron.ugporaj.pl\/index.php?rest_route=\/wp\/v2\/media\/4952"}],"wp:attachment":[{"href":"https:\/\/spchoron.ugporaj.pl\/index.php?rest_route=%2Fwp%2Fv2%2Fmedia&parent=4951"}],"wp:term":[{"taxonomy":"category","embeddable":true,"href":"https:\/\/spchoron.ugporaj.pl\/index.php?rest_route=%2Fwp%2Fv2%2Fcategories&post=4951"},{"taxonomy":"post_tag","embeddable":true,"href":"https:\/\/spchoron.ugporaj.pl\/index.php?rest_route=%2Fwp%2Fv2%2Ftags&post=4951"}],"curies":[{"name":"wp","href":"https:\/\/api.w.org\/{rel}","templated":true}]}}