{"id":4941,"date":"2026-04-17T10:23:45","date_gmt":"2026-04-17T08:23:45","guid":{"rendered":"https:\/\/spchoron.ugporaj.pl\/?p=4941"},"modified":"2026-04-17T10:24:51","modified_gmt":"2026-04-17T08:24:51","slug":"gminny-konkurs-plastyczny-zwierzeta-kocham-lubie-szanuje-dbam","status":"publish","type":"post","link":"https:\/\/spchoron.ugporaj.pl\/?p=4941","title":{"rendered":"Gminny Konkurs Plastyczny \u201eZwierz\u0119ta kocham, lubi\u0119, szanuj\u0119, dbam&#8221;"},"content":{"rendered":"\t\t<div data-elementor-type=\"wp-post\" data-elementor-id=\"4941\" class=\"elementor elementor-4941\">\n\t\t\t\t\t\t<section class=\"elementor-section elementor-top-section elementor-element elementor-element-5198b2ca elementor-section-boxed elementor-section-height-default elementor-section-height-default\" data-id=\"5198b2ca\" data-element_type=\"section\" data-e-type=\"section\">\n\t\t\t\t\t\t<div class=\"elementor-container elementor-column-gap-default\">\n\t\t\t\t\t<div class=\"elementor-column elementor-col-100 elementor-top-column elementor-element elementor-element-4483b21b\" data-id=\"4483b21b\" data-element_type=\"column\" data-e-type=\"column\">\n\t\t\t<div class=\"elementor-widget-wrap elementor-element-populated\">\n\t\t\t\t\t\t<div class=\"elementor-element elementor-element-310dd8a1 elementor-widget elementor-widget-text-editor\" data-id=\"310dd8a1\" data-element_type=\"widget\" data-e-type=\"widget\" data-widget_type=\"text-editor.default\">\n\t\t\t\t<div class=\"elementor-widget-container\">\n\t\t\t\t\t\t\t\t\t<div class=\"xdj266r x14z9mp xat24cr x1lziwak x1vvkbs x126k92a\">\n<div dir=\"auto\">W dniu 10 kwietnia 2026 roku odby\u0142o si\u0119 uroczyste wr\u0119czenie nagr\u00f3d i dyplom\u00f3w za udzia\u0142 w Gminnym Konkursie Plastycznym \u201eZwierz\u0119ta kocham, lubi\u0119, szanuj\u0119, dbam\u201d, kt\u00f3ry odby\u0142 si\u0119 pod patronatem W\u00f3jt Gminy Poraj \u2013 pani Katarzyny Ka\u017amierczak.<\/div>\n<\/div>\n<\/div><\/div><\/div><\/div><\/div><\/section><\/div> <a href=\"https:\/\/spchoron.ugporaj.pl\/?p=4941#more-4941\" class=\"more-link elementor-more-link\"><span aria-label=\"Czytaj dalej Gminny Konkurs Plastyczny \u201eZwierz\u0119ta kocham, lubi\u0119, szanuj\u0119, dbam&#8221;\">(wi\u0119cej&hellip;)<\/span><\/a>","protected":false},"excerpt":{"rendered":"<p>W dniu 10 kwietnia 2026 roku odby\u0142o si\u0119 uroczyste wr\u0119czenie nagr\u00f3d i dyplom\u00f3w za udzia\u0142 w Gminnym Konkursie Plastycznym \u201eZwierz\u0119ta kocham, lubi\u0119, szanuj\u0119, dbam\u201d, kt\u00f3ry odby\u0142 si\u0119 pod patronatem W\u00f3jt Gminy Poraj \u2013 pani Katarzyny Ka\u017amierczak.<\/p>\n","protected":false},"author":3,"featured_media":4944,"comment_status":"closed","ping_status":"open","sticky":false,"template":"","format":"standard","meta":{"footnotes":""},"categories":[20],"tags":[],"class_list":["post-4941","post","type-post","status-publish","format-standard","has-post-thumbnail","hentry","category-aktualnosci"],"_links":{"self":[{"href":"https:\/\/spchoron.ugporaj.pl\/index.php?rest_route=\/wp\/v2\/posts\/4941","targetHints":{"allow":["GET"]}}],"collection":[{"href":"https:\/\/spchoron.ugporaj.pl\/index.php?rest_route=\/wp\/v2\/posts"}],"about":[{"href":"https:\/\/spchoron.ugporaj.pl\/index.php?rest_route=\/wp\/v2\/types\/post"}],"author":[{"embeddable":true,"href":"https:\/\/spchoron.ugporaj.pl\/index.php?rest_route=\/wp\/v2\/users\/3"}],"replies":[{"embeddable":true,"href":"https:\/\/spchoron.ugporaj.pl\/index.php?rest_route=%2Fwp%2Fv2%2Fcomments&post=4941"}],"version-history":[{"count":4,"href":"https:\/\/spchoron.ugporaj.pl\/index.php?rest_route=\/wp\/v2\/posts\/4941\/revisions"}],"predecessor-version":[{"id":4950,"href":"https:\/\/spchoron.ugporaj.pl\/index.php?rest_route=\/wp\/v2\/posts\/4941\/revisions\/4950"}],"wp:featuredmedia":[{"embeddable":true,"href":"https:\/\/spchoron.ugporaj.pl\/index.php?rest_route=\/wp\/v2\/media\/4944"}],"wp:attachment":[{"href":"https:\/\/spchoron.ugporaj.pl\/index.php?rest_route=%2Fwp%2Fv2%2Fmedia&parent=4941"}],"wp:term":[{"taxonomy":"category","embeddable":true,"href":"https:\/\/spchoron.ugporaj.pl\/index.php?rest_route=%2Fwp%2Fv2%2Fcategories&post=4941"},{"taxonomy":"post_tag","embeddable":true,"href":"https:\/\/spchoron.ugporaj.pl\/index.php?rest_route=%2Fwp%2Fv2%2Ftags&post=4941"}],"curies":[{"name":"wp","href":"https:\/\/api.w.org\/{rel}","templated":true}]}}