{"id":4425,"date":"2026-02-02T13:47:38","date_gmt":"2026-02-02T12:47:38","guid":{"rendered":"https:\/\/spchoron.ugporaj.pl\/?p=4425"},"modified":"2026-02-02T13:49:17","modified_gmt":"2026-02-02T12:49:17","slug":"dzien-babci-i-dziadka-w-grupie-pszczolek-%f0%9f%90%9d%e2%9d%a4%ef%b8%8f","status":"publish","type":"post","link":"https:\/\/spchoron.ugporaj.pl\/?p=4425","title":{"rendered":"Dzie\u0144 Babci i Dziadka w grupie Pszcz\u00f3\u0142ek \ud83d\udc1d\u2764\ufe0f"},"content":{"rendered":"\t\t<div data-elementor-type=\"wp-post\" data-elementor-id=\"4425\" class=\"elementor elementor-4425\">\n\t\t\t\t\t\t<section class=\"elementor-section elementor-top-section elementor-element elementor-element-5abdda1b elementor-section-boxed elementor-section-height-default elementor-section-height-default\" data-id=\"5abdda1b\" data-element_type=\"section\" data-e-type=\"section\">\n\t\t\t\t\t\t<div class=\"elementor-container elementor-column-gap-default\">\n\t\t\t\t\t<div class=\"elementor-column elementor-col-100 elementor-top-column elementor-element elementor-element-6c2923b6\" data-id=\"6c2923b6\" data-element_type=\"column\" data-e-type=\"column\">\n\t\t\t<div class=\"elementor-widget-wrap elementor-element-populated\">\n\t\t\t\t\t\t<div class=\"elementor-element elementor-element-7a8a4827 elementor-widget elementor-widget-text-editor\" data-id=\"7a8a4827\" data-element_type=\"widget\" data-e-type=\"widget\" data-widget_type=\"text-editor.default\">\n\t\t\t\t<div class=\"elementor-widget-container\">\n\t\t\t\t\t\t\t\t\t<div dir=\"auto\">Miniony tydzie\u0144 min\u0105\u0142 bardzo szybko i ca\u0142y wype\u0142niony by\u0142 przygotowaniami do wielkiego \u015bwi\u0119ta jakim jest Dzie\u0144 Babci i Dziadka w przedszkolu.<\/div><div dir=\"auto\">W ten d\u0142ugo wyczekiwany dzie\u0144 w naszej sali zjawi\u0142o si\u0119 wielu go\u015bci ,a przedszkolaki pi\u0119knie wyst\u0105pi\u0142y przed kochan\u0105 publiczno\u015bci\u0105.<\/div><p><\/p><\/div><\/div><\/div><\/div><\/div><\/section><\/div> <a href=\"https:\/\/spchoron.ugporaj.pl\/?p=4425#more-4425\" class=\"more-link elementor-more-link\"><span aria-label=\"Czytaj dalej Dzie\u0144 Babci i Dziadka w grupie Pszcz\u00f3\u0142ek \ud83d\udc1d\u2764\ufe0f\">(wi\u0119cej&hellip;)<\/span><\/a>","protected":false},"excerpt":{"rendered":"<p>Miniony tydzie\u0144 min\u0105\u0142 bardzo szybko i ca\u0142y wype\u0142niony by\u0142 przygotowaniami do wielkiego \u015bwi\u0119ta jakim jest Dzie\u0144 Babci i Dziadka w przedszkolu.W ten d\u0142ugo wyczekiwany dzie\u0144 w naszej sali zjawi\u0142o si\u0119 wielu go\u015bci ,a przedszkolaki pi\u0119knie wyst\u0105pi\u0142y przed kochan\u0105 publiczno\u015bci\u0105.<\/p>\n","protected":false},"author":3,"featured_media":4433,"comment_status":"closed","ping_status":"open","sticky":false,"template":"","format":"standard","meta":{"footnotes":""},"categories":[20],"tags":[],"class_list":["post-4425","post","type-post","status-publish","format-standard","has-post-thumbnail","hentry","category-aktualnosci"],"_links":{"self":[{"href":"https:\/\/spchoron.ugporaj.pl\/index.php?rest_route=\/wp\/v2\/posts\/4425","targetHints":{"allow":["GET"]}}],"collection":[{"href":"https:\/\/spchoron.ugporaj.pl\/index.php?rest_route=\/wp\/v2\/posts"}],"about":[{"href":"https:\/\/spchoron.ugporaj.pl\/index.php?rest_route=\/wp\/v2\/types\/post"}],"author":[{"embeddable":true,"href":"https:\/\/spchoron.ugporaj.pl\/index.php?rest_route=\/wp\/v2\/users\/3"}],"replies":[{"embeddable":true,"href":"https:\/\/spchoron.ugporaj.pl\/index.php?rest_route=%2Fwp%2Fv2%2Fcomments&post=4425"}],"version-history":[{"count":4,"href":"https:\/\/spchoron.ugporaj.pl\/index.php?rest_route=\/wp\/v2\/posts\/4425\/revisions"}],"predecessor-version":[{"id":4439,"href":"https:\/\/spchoron.ugporaj.pl\/index.php?rest_route=\/wp\/v2\/posts\/4425\/revisions\/4439"}],"wp:featuredmedia":[{"embeddable":true,"href":"https:\/\/spchoron.ugporaj.pl\/index.php?rest_route=\/wp\/v2\/media\/4433"}],"wp:attachment":[{"href":"https:\/\/spchoron.ugporaj.pl\/index.php?rest_route=%2Fwp%2Fv2%2Fmedia&parent=4425"}],"wp:term":[{"taxonomy":"category","embeddable":true,"href":"https:\/\/spchoron.ugporaj.pl\/index.php?rest_route=%2Fwp%2Fv2%2Fcategories&post=4425"},{"taxonomy":"post_tag","embeddable":true,"href":"https:\/\/spchoron.ugporaj.pl\/index.php?rest_route=%2Fwp%2Fv2%2Ftags&post=4425"}],"curies":[{"name":"wp","href":"https:\/\/api.w.org\/{rel}","templated":true}]}}