{"id":4291,"date":"2026-01-19T14:16:08","date_gmt":"2026-01-19T13:16:08","guid":{"rendered":"https:\/\/spchoron.ugporaj.pl\/?p=4291"},"modified":"2026-01-19T14:18:54","modified_gmt":"2026-01-19T13:18:54","slug":"osmoklasisci-zmierzyli-sie-z-probnym-egzaminem-%f0%9f%93%9a%e2%9c%8d%ef%b8%8f","status":"publish","type":"post","link":"https:\/\/spchoron.ugporaj.pl\/?p=4291","title":{"rendered":"\u00d3smoklasi\u015bci zmierzyli si\u0119 z pr\u00f3bnym egzaminem"},"content":{"rendered":"\t\t<div data-elementor-type=\"wp-post\" data-elementor-id=\"4291\" class=\"elementor elementor-4291\">\n\t\t\t\t\t\t<section class=\"elementor-section elementor-top-section elementor-element elementor-element-7ff094ff elementor-section-boxed elementor-section-height-default elementor-section-height-default\" data-id=\"7ff094ff\" data-element_type=\"section\" data-e-type=\"section\">\n\t\t\t\t\t\t<div class=\"elementor-container elementor-column-gap-default\">\n\t\t\t\t\t<div class=\"elementor-column elementor-col-100 elementor-top-column elementor-element elementor-element-7d6eb7e1\" data-id=\"7d6eb7e1\" data-element_type=\"column\" data-e-type=\"column\">\n\t\t\t<div class=\"elementor-widget-wrap elementor-element-populated\">\n\t\t\t\t\t\t<div class=\"elementor-element elementor-element-843a3c0 elementor-widget elementor-widget-text-editor\" data-id=\"843a3c0\" data-element_type=\"widget\" data-e-type=\"widget\" data-widget_type=\"text-editor.default\">\n\t\t\t\t<div class=\"elementor-widget-container\">\n\t\t\t\t\t\t\t\t\t<p><span class=\"html-span xexx8yu xyri2b x18d9i69 x1c1uobl x1hl2dhg x16tdsg8 x1vvkbs x3nfvp2 x1j61x8r x1fcty0u xdj266r xat24cr xm2jcoa x1mpyi22 xxymvpz xlup9mm x1kky2od\"><img decoding=\"async\" class=\"xz74otr x15mokao x1ga7v0g x16uus16 xbiv7yw\" src=\"https:\/\/static.xx.fbcdn.net\/images\/emoji.php\/v9\/te2\/1\/16\/270d.png\" alt=\"\u270d\ufe0f\" width=\"16\" height=\"16\" \/><\/span>W dniach 12-14 stycznia 2026 roku nasza szko\u0142a przyst\u0105pi\u0142a do pr\u00f3bnego egzaminu \u00f3smoklasisty<span class=\"html-span xexx8yu xyri2b x18d9i69 x1c1uobl x1hl2dhg x16tdsg8 x1vvkbs x3nfvp2 x1j61x8r x1fcty0u xdj266r xat24cr xm2jcoa x1mpyi22 xxymvpz xlup9mm x1kky2od\"><img decoding=\"async\" class=\"xz74otr x15mokao x1ga7v0g x16uus16 xbiv7yw\" src=\"https:\/\/static.xx.fbcdn.net\/images\/emoji.php\/v9\/t49\/1\/16\/1f4da.png\" alt=\"\ud83d\udcda\" width=\"16\" height=\"16\" \/><\/span><span class=\"html-span xexx8yu xyri2b x18d9i69 x1c1uobl x1hl2dhg x16tdsg8 x1vvkbs x3nfvp2 x1j61x8r x1fcty0u xdj266r xat24cr xm2jcoa x1mpyi22 xxymvpz xlup9mm x1kky2od\"><img decoding=\"async\" class=\"xz74otr x15mokao x1ga7v0g x16uus16 xbiv7yw\" src=\"https:\/\/static.xx.fbcdn.net\/images\/emoji.php\/v9\/te2\/1\/16\/270d.png\" alt=\"\u270d\ufe0f\" width=\"16\" height=\"16\" \/><\/span> Uczniowie klasy VIII mieli okazj\u0119 zapozna\u0107 si\u0119 z arkuszami egzaminacyjnymi z j\u0119zyka polskiego, matematyki oraz j\u0119zyka angielskiego, pracuj\u0105c zgodnie z procedurami ustalonymi przez Centraln\u0105 Komisj\u0119 Egzaminacyjn\u0105. <\/p><\/div><\/div><\/div><\/div><\/div><\/section><\/div> <a href=\"https:\/\/spchoron.ugporaj.pl\/?p=4291#more-4291\" class=\"more-link elementor-more-link\"><span aria-label=\"Czytaj dalej \u00d3smoklasi\u015bci zmierzyli si\u0119 z pr\u00f3bnym egzaminem\">(wi\u0119cej&hellip;)<\/span><\/a>","protected":false},"excerpt":{"rendered":"<p>W dniach 12-14 stycznia 2026 roku nasza szko\u0142a przyst\u0105pi\u0142a do pr\u00f3bnego egzaminu \u00f3smoklasisty Uczniowie klasy VIII mieli okazj\u0119 zapozna\u0107 si\u0119 z arkuszami egzaminacyjnymi z j\u0119zyka polskiego, matematyki oraz j\u0119zyka angielskiego, pracuj\u0105c zgodnie z procedurami ustalonymi przez Centraln\u0105 Komisj\u0119 Egzaminacyjn\u0105.<\/p>\n","protected":false},"author":3,"featured_media":4293,"comment_status":"closed","ping_status":"open","sticky":false,"template":"","format":"standard","meta":{"footnotes":""},"categories":[20],"tags":[],"class_list":["post-4291","post","type-post","status-publish","format-standard","has-post-thumbnail","hentry","category-aktualnosci"],"_links":{"self":[{"href":"https:\/\/spchoron.ugporaj.pl\/index.php?rest_route=\/wp\/v2\/posts\/4291","targetHints":{"allow":["GET"]}}],"collection":[{"href":"https:\/\/spchoron.ugporaj.pl\/index.php?rest_route=\/wp\/v2\/posts"}],"about":[{"href":"https:\/\/spchoron.ugporaj.pl\/index.php?rest_route=\/wp\/v2\/types\/post"}],"author":[{"embeddable":true,"href":"https:\/\/spchoron.ugporaj.pl\/index.php?rest_route=\/wp\/v2\/users\/3"}],"replies":[{"embeddable":true,"href":"https:\/\/spchoron.ugporaj.pl\/index.php?rest_route=%2Fwp%2Fv2%2Fcomments&post=4291"}],"version-history":[{"count":9,"href":"https:\/\/spchoron.ugporaj.pl\/index.php?rest_route=\/wp\/v2\/posts\/4291\/revisions"}],"predecessor-version":[{"id":4303,"href":"https:\/\/spchoron.ugporaj.pl\/index.php?rest_route=\/wp\/v2\/posts\/4291\/revisions\/4303"}],"wp:featuredmedia":[{"embeddable":true,"href":"https:\/\/spchoron.ugporaj.pl\/index.php?rest_route=\/wp\/v2\/media\/4293"}],"wp:attachment":[{"href":"https:\/\/spchoron.ugporaj.pl\/index.php?rest_route=%2Fwp%2Fv2%2Fmedia&parent=4291"}],"wp:term":[{"taxonomy":"category","embeddable":true,"href":"https:\/\/spchoron.ugporaj.pl\/index.php?rest_route=%2Fwp%2Fv2%2Fcategories&post=4291"},{"taxonomy":"post_tag","embeddable":true,"href":"https:\/\/spchoron.ugporaj.pl\/index.php?rest_route=%2Fwp%2Fv2%2Ftags&post=4291"}],"curies":[{"name":"wp","href":"https:\/\/api.w.org\/{rel}","templated":true}]}}