{"id":4201,"date":"2025-12-22T16:37:39","date_gmt":"2025-12-22T15:37:39","guid":{"rendered":"https:\/\/spchoron.ugporaj.pl\/?p=4201"},"modified":"2025-12-22T16:42:13","modified_gmt":"2025-12-22T15:42:13","slug":"przedswiateczny-tydzien-u-biedronek-%f0%9f%90%9e%f0%9f%8e%84","status":"publish","type":"post","link":"https:\/\/spchoron.ugporaj.pl\/?p=4201","title":{"rendered":"Przed\u015bwi\u0105teczny tydzie\u0144 u Biedronek \ud83d\udc1e\ud83c\udf84"},"content":{"rendered":"\t\t<div data-elementor-type=\"wp-post\" data-elementor-id=\"4201\" class=\"elementor elementor-4201\">\n\t\t\t\t\t\t<section class=\"elementor-section elementor-top-section elementor-element elementor-element-58c20318 elementor-section-boxed elementor-section-height-default elementor-section-height-default\" data-id=\"58c20318\" data-element_type=\"section\" data-e-type=\"section\">\n\t\t\t\t\t\t<div class=\"elementor-container elementor-column-gap-default\">\n\t\t\t\t\t<div class=\"elementor-column elementor-col-100 elementor-top-column elementor-element elementor-element-1d56d73c\" data-id=\"1d56d73c\" data-element_type=\"column\" data-e-type=\"column\">\n\t\t\t<div class=\"elementor-widget-wrap elementor-element-populated\">\n\t\t\t\t\t\t<div class=\"elementor-element elementor-element-7b01a55 elementor-widget elementor-widget-text-editor\" data-id=\"7b01a55\" data-element_type=\"widget\" data-e-type=\"widget\" data-widget_type=\"text-editor.default\">\n\t\t\t\t<div class=\"elementor-widget-container\">\n\t\t\t\t\t\t\t\t\tCo za tydzie\u0144! Piekli\u015bmy i dekorowali\u015bmy pierniki. W \u015brod\u0119 ozdabiali\u015bmy wianki na drzwi. W czwartek grupowa wigilia a w pi\u0105tek zimowa herbatka oraz praca plastyczna w kszta\u0142cie choinki. Ca\u0142y czas towarzyszy\u0142y nam kol\u0119dy. Wspania\u0142y, intensywny przed\u015bwi\u0105teczny czas.<\/div><\/div><\/div><\/div><\/div><\/section><\/div> <a href=\"https:\/\/spchoron.ugporaj.pl\/?p=4201#more-4201\" class=\"more-link elementor-more-link\"><span aria-label=\"Czytaj dalej Przed\u015bwi\u0105teczny tydzie\u0144 u Biedronek \ud83d\udc1e\ud83c\udf84\">(wi\u0119cej&hellip;)<\/span><\/a>","protected":false},"excerpt":{"rendered":"<p>Co za tydzie\u0144! Piekli\u015bmy i dekorowali\u015bmy pierniki. W \u015brod\u0119 ozdabiali\u015bmy wianki na drzwi. W czwartek grupowa wigilia a w pi\u0105tek zimowa herbatka oraz praca plastyczna w kszta\u0142cie choinki. Ca\u0142y czas towarzyszy\u0142y nam kol\u0119dy. Wspania\u0142y, intensywny przed\u015bwi\u0105teczny czas.<\/p>\n","protected":false},"author":3,"featured_media":4229,"comment_status":"closed","ping_status":"open","sticky":false,"template":"","format":"standard","meta":{"footnotes":""},"categories":[20],"tags":[],"class_list":["post-4201","post","type-post","status-publish","format-standard","has-post-thumbnail","hentry","category-aktualnosci"],"_links":{"self":[{"href":"https:\/\/spchoron.ugporaj.pl\/index.php?rest_route=\/wp\/v2\/posts\/4201","targetHints":{"allow":["GET"]}}],"collection":[{"href":"https:\/\/spchoron.ugporaj.pl\/index.php?rest_route=\/wp\/v2\/posts"}],"about":[{"href":"https:\/\/spchoron.ugporaj.pl\/index.php?rest_route=\/wp\/v2\/types\/post"}],"author":[{"embeddable":true,"href":"https:\/\/spchoron.ugporaj.pl\/index.php?rest_route=\/wp\/v2\/users\/3"}],"replies":[{"embeddable":true,"href":"https:\/\/spchoron.ugporaj.pl\/index.php?rest_route=%2Fwp%2Fv2%2Fcomments&post=4201"}],"version-history":[{"count":4,"href":"https:\/\/spchoron.ugporaj.pl\/index.php?rest_route=\/wp\/v2\/posts\/4201\/revisions"}],"predecessor-version":[{"id":4262,"href":"https:\/\/spchoron.ugporaj.pl\/index.php?rest_route=\/wp\/v2\/posts\/4201\/revisions\/4262"}],"wp:featuredmedia":[{"embeddable":true,"href":"https:\/\/spchoron.ugporaj.pl\/index.php?rest_route=\/wp\/v2\/media\/4229"}],"wp:attachment":[{"href":"https:\/\/spchoron.ugporaj.pl\/index.php?rest_route=%2Fwp%2Fv2%2Fmedia&parent=4201"}],"wp:term":[{"taxonomy":"category","embeddable":true,"href":"https:\/\/spchoron.ugporaj.pl\/index.php?rest_route=%2Fwp%2Fv2%2Fcategories&post=4201"},{"taxonomy":"post_tag","embeddable":true,"href":"https:\/\/spchoron.ugporaj.pl\/index.php?rest_route=%2Fwp%2Fv2%2Ftags&post=4201"}],"curies":[{"name":"wp","href":"https:\/\/api.w.org\/{rel}","templated":true}]}}