{"id":4126,"date":"2025-12-22T16:06:42","date_gmt":"2025-12-22T15:06:42","guid":{"rendered":"https:\/\/spchoron.ugporaj.pl\/?p=4126"},"modified":"2025-12-22T16:15:21","modified_gmt":"2025-12-22T15:15:21","slug":"warsztaty-o-odnawialnych-zrodlach-energii","status":"publish","type":"post","link":"https:\/\/spchoron.ugporaj.pl\/?p=4126","title":{"rendered":"Warsztaty o odnawialnych \u017ar\u00f3d\u0142ach energii"},"content":{"rendered":"\t\t<div data-elementor-type=\"wp-post\" data-elementor-id=\"4126\" class=\"elementor elementor-4126\">\n\t\t\t\t\t\t<section class=\"elementor-section elementor-top-section elementor-element elementor-element-73d2753 elementor-section-boxed elementor-section-height-default elementor-section-height-default\" data-id=\"73d2753\" data-element_type=\"section\" data-e-type=\"section\">\n\t\t\t\t\t\t<div class=\"elementor-container elementor-column-gap-default\">\n\t\t\t\t\t<div class=\"elementor-column elementor-col-100 elementor-top-column elementor-element elementor-element-425241e2\" data-id=\"425241e2\" data-element_type=\"column\" data-e-type=\"column\">\n\t\t\t<div class=\"elementor-widget-wrap elementor-element-populated\">\n\t\t\t\t\t\t<div class=\"elementor-element elementor-element-7c378229 elementor-widget elementor-widget-text-editor\" data-id=\"7c378229\" data-element_type=\"widget\" data-e-type=\"widget\" data-widget_type=\"text-editor.default\">\n\t\t\t\t<div class=\"elementor-widget-container\">\n\t\t\t\t\t\t\t\t\tW dniu 16 grudnia uczniowie klasy 6 , 7 i 8 wzi\u0119li udzia\u0142 w bardzo ciekawych warsztatach dotycz\u0105cych odnawialnych \u017ar\u00f3de\u0142 energii zorganizowanych przez przedstawicieli UG w Poraju. Celem zaj\u0119\u0107 by\u0142o zapoznanie uczni\u00f3w ze sposobami wytwarzania oraz wykorzystywania naturalnych \u017ar\u00f3de\u0142 energii takich jak: energia s\u0142oneczna, wiatrowa oraz wodna. <\/div><\/div><\/div><\/div><\/div><\/section><\/div> <a href=\"https:\/\/spchoron.ugporaj.pl\/?p=4126#more-4126\" class=\"more-link elementor-more-link\"><span aria-label=\"Czytaj dalej Warsztaty o odnawialnych \u017ar\u00f3d\u0142ach energii\">(wi\u0119cej&hellip;)<\/span><\/a>","protected":false},"excerpt":{"rendered":"<p>W dniu 16 grudnia uczniowie klasy 6 , 7 i 8 wzi\u0119li udzia\u0142 w bardzo ciekawych warsztatach dotycz\u0105cych odnawialnych \u017ar\u00f3de\u0142 energii zorganizowanych przez przedstawicieli UG w Poraju. Celem zaj\u0119\u0107 by\u0142o zapoznanie uczni\u00f3w ze sposobami wytwarzania oraz wykorzystywania naturalnych \u017ar\u00f3de\u0142 energii takich jak: energia s\u0142oneczna, wiatrowa oraz wodna.<\/p>\n","protected":false},"author":3,"featured_media":4134,"comment_status":"closed","ping_status":"open","sticky":false,"template":"","format":"standard","meta":{"footnotes":""},"categories":[20],"tags":[],"class_list":["post-4126","post","type-post","status-publish","format-standard","has-post-thumbnail","hentry","category-aktualnosci"],"_links":{"self":[{"href":"https:\/\/spchoron.ugporaj.pl\/index.php?rest_route=\/wp\/v2\/posts\/4126","targetHints":{"allow":["GET"]}}],"collection":[{"href":"https:\/\/spchoron.ugporaj.pl\/index.php?rest_route=\/wp\/v2\/posts"}],"about":[{"href":"https:\/\/spchoron.ugporaj.pl\/index.php?rest_route=\/wp\/v2\/types\/post"}],"author":[{"embeddable":true,"href":"https:\/\/spchoron.ugporaj.pl\/index.php?rest_route=\/wp\/v2\/users\/3"}],"replies":[{"embeddable":true,"href":"https:\/\/spchoron.ugporaj.pl\/index.php?rest_route=%2Fwp%2Fv2%2Fcomments&post=4126"}],"version-history":[{"count":4,"href":"https:\/\/spchoron.ugporaj.pl\/index.php?rest_route=\/wp\/v2\/posts\/4126\/revisions"}],"predecessor-version":[{"id":4138,"href":"https:\/\/spchoron.ugporaj.pl\/index.php?rest_route=\/wp\/v2\/posts\/4126\/revisions\/4138"}],"wp:featuredmedia":[{"embeddable":true,"href":"https:\/\/spchoron.ugporaj.pl\/index.php?rest_route=\/wp\/v2\/media\/4134"}],"wp:attachment":[{"href":"https:\/\/spchoron.ugporaj.pl\/index.php?rest_route=%2Fwp%2Fv2%2Fmedia&parent=4126"}],"wp:term":[{"taxonomy":"category","embeddable":true,"href":"https:\/\/spchoron.ugporaj.pl\/index.php?rest_route=%2Fwp%2Fv2%2Fcategories&post=4126"},{"taxonomy":"post_tag","embeddable":true,"href":"https:\/\/spchoron.ugporaj.pl\/index.php?rest_route=%2Fwp%2Fv2%2Ftags&post=4126"}],"curies":[{"name":"wp","href":"https:\/\/api.w.org\/{rel}","templated":true}]}}